{"id":264,"date":"2020-05-29T09:38:57","date_gmt":"2020-05-29T12:38:57","guid":{"rendered":"https:\/\/www.doderoycia.com\/?p=264"},"modified":"2020-05-29T10:20:53","modified_gmt":"2020-05-29T13:20:53","slug":"suspension-de-plazos-en-materia-aduanera-durante-la-cuarentena","status":"publish","type":"post","link":"https:\/\/www.doderoycia.com\/pt\/suspension-de-plazos-en-materia-aduanera-durante-la-cuarentena\/","title":{"rendered":"Titulo de"},"content":{"rendered":"<p class=\"qtranxs-available-languages-message qtranxs-available-languages-message-pt\">Desculpe-nos, mas este texto est\u00e1 apenas dispon\u00edvel em <a href=\"https:\/\/www.doderoycia.com\/es\/wp-json\/wp\/v2\/posts\/264\" class=\"qtranxs-available-language-link qtranxs-available-language-link-es\" title=\"Espa\u00f1ol\">Espa\u00f1ol<\/a>. For the sake of viewer convenience, the content is shown below in the alternative language. You may click the link to switch the active language.<\/p><p><\/p>\n<p>Mediante la <a href=\"https:\/\/www.boletinoficial.gob.ar\/detalleAviso\/primera\/229957\/20200529\">Res. Gral Afip 4726\/20<\/a>, se suspenden los plazos de las destinaciones de importaci\u00f3n y exportaci\u00f3n\u00a0 incluyendo en su alcance a las destinaciones suspensivas y a los \u00a0plazos operativos de materia aduanera previstos en el C\u00f3digo Aduanero y en sus normas reglamentarias y\u00a0 complementarias durante la vigencia del aislamiento social preventivo y obligatorio dispuesto\u00a0 por el Decreto N\u00b0 298 del 19\/03\/2020 y sus modificaciones, con\u00a0 las excepciones de:<\/p>\n<div><span style=\"font-size: small;\">a) Los relativos al arribo de la mercader\u00eda regulados en el T\u00edtulo I de la Secci\u00f3n III del C\u00f3digo Aduanero y en sus normas reglamentarias, excluidos aquellos para la justificaci\u00f3n de faltantes y\/o sobrantes.<\/span><\/div>\n<div><span style=\"font-size: small;\">\u00a0<\/span><\/div>\n<div><span style=\"font-size: small;\">b) Validez de la solicitud de exportaci\u00f3n.<\/span><\/div>\n<div><span style=\"font-size: small;\">\u00a0<\/span><\/div>\n<div><span style=\"font-size: small;\">c) Para el registro de la declaraci\u00f3n de post-embarque.<\/span><\/div>\n<div><span style=\"font-size: small;\">\u00a0<\/span><\/div>\n<div><span style=\"font-size: small;\">d) De espera para el pago de derechos de exportaci\u00f3n.<\/span><\/div>\n<div><span style=\"font-size: small;\">\u00a0<\/span><\/div>\n<div><span style=\"font-size: small;\">e) Para informar a esta Administraci\u00f3n Federal la entrega del env\u00edo al consignatario por parte del Prestador de Servicios Postales PSP\/Courier, conforme lo dispuesto por el art\u00edculo 5\u00b0 de la Resoluci\u00f3n General N\u00b0 4.450.<\/span><\/div>\n<div>\u00a0<\/div>\n<div>f<span style=\"font-size: 10pt;\">) \u00a0destinaciones suspensivas de tr\u00e1nsito de importaci\u00f3n, tr\u00e1nsito de exportaci\u00f3n y removido.<\/span><\/div>\n<p>&nbsp;<\/p>\n<p>&nbsp;<\/p>\n<p><\/p>","protected":false},"excerpt":{"rendered":"Desculpe-nos, mas este texto est\u00e1 apenas dispon\u00edvel em Espa\u00f1ol. For the sake of viewer convenience, the content is shown below in the alternative language. You may click the link to switch the active language. Mediante la Res. Gral Afip 4726\/20, se suspenden los plazos de las destinaciones de importaci\u00f3n y exportaci\u00f3n\u00a0 incluyendo en su alcance&hellip;","protected":false},"author":1,"featured_media":0,"comment_status":"closed","ping_status":"closed","sticky":false,"template":"","format":"standard","meta":{"footnotes":""},"categories":[3],"tags":[],"class_list":["post-264","post","type-post","status-publish","format-standard","hentry","category-novedades"],"acf":[],"_links":{"self":[{"href":"https:\/\/www.doderoycia.com\/pt\/wp-json\/wp\/v2\/posts\/264","targetHints":{"allow":["GET"]}}],"collection":[{"href":"https:\/\/www.doderoycia.com\/pt\/wp-json\/wp\/v2\/posts"}],"about":[{"href":"https:\/\/www.doderoycia.com\/pt\/wp-json\/wp\/v2\/types\/post"}],"author":[{"embeddable":true,"href":"https:\/\/www.doderoycia.com\/pt\/wp-json\/wp\/v2\/users\/1"}],"replies":[{"embeddable":true,"href":"https:\/\/www.doderoycia.com\/pt\/wp-json\/wp\/v2\/comments?post=264"}],"version-history":[{"count":4,"href":"https:\/\/www.doderoycia.com\/pt\/wp-json\/wp\/v2\/posts\/264\/revisions"}],"predecessor-version":[{"id":268,"href":"https:\/\/www.doderoycia.com\/pt\/wp-json\/wp\/v2\/posts\/264\/revisions\/268"}],"wp:attachment":[{"href":"https:\/\/www.doderoycia.com\/pt\/wp-json\/wp\/v2\/media?parent=264"}],"wp:term":[{"taxonomy":"category","embeddable":true,"href":"https:\/\/www.doderoycia.com\/pt\/wp-json\/wp\/v2\/categories?post=264"},{"taxonomy":"post_tag","embeddable":true,"href":"https:\/\/www.doderoycia.com\/pt\/wp-json\/wp\/v2\/tags?post=264"}],"curies":[{"name":"wp","href":"https:\/\/api.w.org\/{rel}","templated":true}]}}